[{"@context":"https:\/\/schema.org\/","@type":"Article","@id":"https:\/\/www.sarcut.cz\/prostor-ve-kterem-se-toho-mnoho-odehrava\/#Article","mainEntityOfPage":"https:\/\/www.sarcut.cz\/prostor-ve-kterem-se-toho-mnoho-odehrava\/","headline":"Prostor, ve kter\u00e9m se toho mnoho odehr\u00e1v\u00e1","name":"Prostor, ve kter\u00e9m se toho mnoho odehr\u00e1v\u00e1","description":"Nejenom, \u017ee se zde ka\u017ed\u00fd den potk\u00e1te s t\u011bmi nejbli\u017e\u0161\u00edmi rodinn\u00fdmi p\u0159\u00edslu\u0161n\u00edky, ale je to z\u00e1rove\u0148 prostor, ve kter\u00e9m bychom se m\u011bli c\u00edtit p\u0159\u00edjemn\u011b a to nejenom z hlediska va\u0159en\u00ed, ale tak\u00e9 z hlediska uzp\u016fsoben\u00ed cel\u00e9 m\u00edstnosti. Proto je kuchyn\u011b Praha, kter\u00e1 se vyr\u00e1b\u00ed p\u0159\u00edmo na m\u00edru a dle po\u017eadavk\u016f z\u00e1kazn\u00edka t\u00edm nejlep\u0161\u00edm \u0159e\u0161en\u00edm, proto\u017ee si ji sami m\u016f\u017eete navrhnout. \u0158eknete si, jak by to m\u011blo vypadat, z jak\u00e9ho materi\u00e1lu a jak\u00e9 barvy. Dolad\u00edme to spole\u010dn\u011b o prvky modernosti a elegantnosti, aby cel\u00fd prostor ka\u017ed\u00e9ho n\u00e1v\u0161t\u011bvn\u00edka hned uchv\u00e1til, ale p\u0159edev\u0161\u00edm, aby pr\u00e1v\u011b v\u00e1m poka\u017ed\u00e9, kdy\u017e sem vstoup\u00edte, vzal dech. Dech berouc\u00ed m\u00edstnost, kter\u00e1 je modern\u00ed, stylov\u00e1 a nad\u010dasov\u00e1. V ka\u017ed\u00e9m ohledu praktick\u00e1 a ve v\u00fdsledku vyroben\u00e1 do posledn\u00edch detail\u016f tak, abyste zde pr\u00e1v\u011b vy m\u011bli v\u0161echno podle sv\u00e9ho p\u0159\u00e1n\u00ed. \u00b7 V dne\u0161n\u00ed dob\u011b si m\u016f\u017eete vyb\u00edrat z r\u016fzn\u00fdch styl\u016f a proveden\u00ed. Na p\u0159\u00e1n\u00ed z\u00e1kazn\u00edka jsme schopni cokoliv vyrobit nebo se p\u0159izp\u016fsobit jak\u00e9mukoliv i zcela atypick\u00e9mu tvaru m\u00edstnosti. Vybav\u00edme v\u00e1m cel\u00fd prostor nejmodern\u011bj\u0161\u00edmi spot\u0159ebi\u010di. Cel\u00fd prostor zachov\u00e1v\u00e1me v harmonii Prostor kuchyn\u011b se tak\u00e9 mus\u00ed dob\u0159e vyu\u017e\u00edt i z hlediska prakti\u010dnosti. V ka\u017ed\u00e9m takov\u00e9mto prostoru mus\u00ed b\u00fdt klasick\u00e9 vybaven\u00ed, ov\u0161em jsou d\u016fle\u017eit\u00e9 i ostatn\u00ed dopl\u0148ky a p\u0159edev\u0161\u00edm se v\u00e1m zde mus\u00ed dob\u0159e pohybovat a pracovat. \u00b7 Abychom zde mohli p\u0159ipravovat pokrmy a \u0161lo n\u00e1m to p\u011bkn\u011b od ruky, pot\u0159ebujeme k tomu m\u00edt sv\u00e9 vlastn\u00ed z\u00e1zem\u00ed, kter\u00e9 bude vytvo\u0159en\u00e9 podle na\u0161ich vlastn\u00edch p\u0159edstav a od toho jsme zde pr\u00e1v\u011b my a na\u0161e kompletn\u00ed spolupr\u00e1ce. Vytv\u00e1\u0159\u00edme projekty i ve 3D proveden\u00ed, m\u011b\u0159\u00edme a kombinujeme, poslouch\u00e1me p\u0159\u00e1n\u00ed z\u00e1kazn\u00edka a tak\u00e9 se jim samoz\u0159ejm\u011b \u0159\u00edd\u00edme a v p\u0159\u00edpad\u011b, \u017ee si nev\u00ed rady, tak rad\u00edme a disponujeme s prostorem tak, aby byla zachov\u00e1na funk\u010dnost cel\u00e9ho prostoru, ale p\u0159edev\u0161\u00edm, aby se v\u00e1m zde skv\u011ble va\u0159ilo a c\u00edtili jste se zde p\u0159\u00edjemn\u011b. 3.7\/5 - (3 votes)","datePublished":"2017-07-03","dateModified":"2017-07-03","author":{"@type":"Person","@id":"https:\/\/www.sarcut.cz\/author\/devene\/#Person","name":"devene","url":"https:\/\/www.sarcut.cz\/author\/devene\/","identifier":1,"image":{"@type":"ImageObject","@id":"https:\/\/secure.gravatar.com\/avatar\/87132efef9f5972c3e770e1fb0907fb3dcc1311f82da5f30bffbae0bd81cf8c0?s=96&d=mm&r=g","url":"https:\/\/secure.gravatar.com\/avatar\/87132efef9f5972c3e770e1fb0907fb3dcc1311f82da5f30bffbae0bd81cf8c0?s=96&d=mm&r=g","height":96,"width":96}},"publisher":{"@type":"Organization","name":"sarcut.cz","logo":{"@type":"ImageObject","@id":"\/logo.png","url":"\/logo.png","width":600,"height":60}},"image":{"@type":"ImageObject","@id":"https:\/\/www.sarcut.cz\/wp-content\/uploads\/img_a292082_w1984_t1504522677.jpg","url":"https:\/\/www.sarcut.cz\/wp-content\/uploads\/img_a292082_w1984_t1504522677.jpg","height":0,"width":0},"url":"https:\/\/www.sarcut.cz\/prostor-ve-kterem-se-toho-mnoho-odehrava\/","about":["Kultura"],"wordCount":419,"articleBody":"Nejenom, \u017ee se zde ka\u017ed\u00fd den potk\u00e1te s t\u011bmi nejbli\u017e\u0161\u00edmi rodinn\u00fdmi p\u0159\u00edslu\u0161n\u00edky, ale je to z\u00e1rove\u0148 prostor, ve kter\u00e9m bychom se m\u011bli c\u00edtit p\u0159\u00edjemn\u011b a to nejenom z hlediska va\u0159en\u00ed, ale tak\u00e9 z hlediska uzp\u016fsoben\u00ed cel\u00e9 m\u00edstnosti. Proto je kuchyn\u011b Praha, kter\u00e1 se vyr\u00e1b\u00ed p\u0159\u00edmo na m\u00edru a dle po\u017eadavk\u016f z\u00e1kazn\u00edka t\u00edm nejlep\u0161\u00edm \u0159e\u0161en\u00edm, proto\u017ee si ji sami m\u016f\u017eete navrhnout. \u0158eknete si, jak by to m\u011blo vypadat, z jak\u00e9ho materi\u00e1lu a jak\u00e9 barvy. Dolad\u00edme to spole\u010dn\u011b o prvky modernosti a elegantnosti, aby cel\u00fd prostor ka\u017ed\u00e9ho n\u00e1v\u0161t\u011bvn\u00edka hned uchv\u00e1til, ale p\u0159edev\u0161\u00edm, aby pr\u00e1v\u011b v\u00e1m poka\u017ed\u00e9, kdy\u017e sem vstoup\u00edte, vzal dech. Dech berouc\u00ed m\u00edstnost, kter\u00e1 je modern\u00ed, stylov\u00e1 a nad\u010dasov\u00e1. V ka\u017ed\u00e9m ohledu praktick\u00e1 a ve v\u00fdsledku vyroben\u00e1 do posledn\u00edch detail\u016f tak, abyste zde pr\u00e1v\u011b vy m\u011bli v\u0161echno podle sv\u00e9ho p\u0159\u00e1n\u00ed. \u00b7 V dne\u0161n\u00ed dob\u011b si m\u016f\u017eete vyb\u00edrat z r\u016fzn\u00fdch styl\u016f a proveden\u00ed. Na p\u0159\u00e1n\u00ed z\u00e1kazn\u00edka jsme schopni cokoliv vyrobit nebo se p\u0159izp\u016fsobit jak\u00e9mukoliv i zcela atypick\u00e9mu tvaru m\u00edstnosti. Vybav\u00edme v\u00e1m cel\u00fd prostor nejmodern\u011bj\u0161\u00edmi spot\u0159ebi\u010di. Cel\u00fd prostor zachov\u00e1v\u00e1me v harmonii Prostor kuchyn\u011b se tak\u00e9 mus\u00ed dob\u0159e vyu\u017e\u00edt i z hlediska prakti\u010dnosti. V ka\u017ed\u00e9m takov\u00e9mto prostoru mus\u00ed b\u00fdt klasick\u00e9 vybaven\u00ed, ov\u0161em jsou d\u016fle\u017eit\u00e9 i ostatn\u00ed dopl\u0148ky a p\u0159edev\u0161\u00edm se v\u00e1m zde mus\u00ed dob\u0159e pohybovat a pracovat. \u00b7 Abychom zde mohli p\u0159ipravovat pokrmy a \u0161lo n\u00e1m to p\u011bkn\u011b od ruky, pot\u0159ebujeme k tomu m\u00edt sv\u00e9 vlastn\u00ed z\u00e1zem\u00ed, kter\u00e9 bude vytvo\u0159en\u00e9 podle na\u0161ich vlastn\u00edch p\u0159edstav a od toho jsme zde pr\u00e1v\u011b my a na\u0161e kompletn\u00ed spolupr\u00e1ce. Vytv\u00e1\u0159\u00edme projekty i ve 3D proveden\u00ed, m\u011b\u0159\u00edme a kombinujeme, poslouch\u00e1me p\u0159\u00e1n\u00ed z\u00e1kazn\u00edka a tak\u00e9 se jim samoz\u0159ejm\u011b \u0159\u00edd\u00edme a v p\u0159\u00edpad\u011b, \u017ee si nev\u00ed rady, tak rad\u00edme a disponujeme s prostorem tak, aby byla zachov\u00e1na funk\u010dnost cel\u00e9ho prostoru, ale p\u0159edev\u0161\u00edm, aby se v\u00e1m zde skv\u011ble va\u0159ilo a c\u00edtili jste se zde p\u0159\u00edjemn\u011b.                                                                                                                                                                                                                                                                                                                                                                                          3.7\/5 - (3 votes)        "},{"@context":"https:\/\/schema.org\/","@type":"BreadcrumbList","itemListElement":[{"@type":"ListItem","position":1,"name":"Prostor, ve kter\u00e9m se toho mnoho odehr\u00e1v\u00e1","item":"https:\/\/www.sarcut.cz\/prostor-ve-kterem-se-toho-mnoho-odehrava\/#breadcrumbitem"}]}]