[{"@context":"https:\/\/schema.org\/","@type":"Article","@id":"https:\/\/www.sarcut.cz\/bavi-me-kultura\/#Article","mainEntityOfPage":"https:\/\/www.sarcut.cz\/bavi-me-kultura\/","headline":"Bav\u00ed m\u011b kultura","name":"Bav\u00ed m\u011b kultura","description":"Je opravdu hodn\u011b lid\u00ed, kte\u0159\u00ed maj\u00ed r\u00e1di kulturu. A j\u00e1 pat\u0159\u00edm samoz\u0159ejm\u011b mezi n\u011b. Ov\u0161em ale ze za\u010d\u00e1tku to tak nebylo, proto\u017ee kulturu jsem m\u011bla r\u00e1da od t\u00e9 doby, co m\u011b k tomu dovedl tehdy m\u016fj minul\u00fd p\u0159\u00edtel. M\u016fj p\u0159\u00edtel toti\u017e p\u0159\u00edle\u017eitostn\u011b hr\u00e1l v divadle a tak\u00e9 velice \u010dasto chodil do kina, tak\u017ee m\u011bl ke kultu\u0159e opravdu hodn\u011b bl\u00edzko. A to nemluv\u00edm o tom, \u017ee jeho star\u0161\u00ed bratr byl z\u00e1stupce \u0159editele v divadle. Tak\u017ee vlastn\u011b jeho cel\u00e1 rodina byla v divadle anebo v kin\u011b, tak\u017ee ke kultu\u0159e m\u011bli opravdu hodn\u011b bl\u00edzko. Kdy\u017e jsem tohle tehdy asi p\u0159ed deseti lety vypr\u00e1v\u011bla sv\u00e9 m\u00e1m\u011b a otci, tak mi nev\u011b\u0159ili a sp\u00ed\u0161e se mi sm\u00e1li, proto\u017ee moje rodina \u0159\u00edkala, \u017ee kultura je \u00fapln\u011b zbyte\u010dn\u00e1, \u017ee je to zbyte\u010dn\u00e9 vyhazov\u00e1n\u00ed pen\u011bz. I kdy\u017e tedy moji rodi\u010de chodili docela \u010dasto do kina a taky do divadla a taky na r\u016fzn\u00e1 p\u0159edstaven\u00ed nebo koncerty, ale nikdy do toho by neinvestovali velk\u00e9 pen\u00edze, jako t\u0159eba nap\u0159\u00edklad m\u016fj tehdej\u0161\u00ed p\u0159\u00edtel. A j\u00e1, abych se p\u0159iznala, tak mn\u011b kultura opravdu hodn\u011b bav\u00ed a napl\u0148uje m\u011b \u0161t\u011bst\u00edm. A taky nov\u00fdm pozn\u00e1n\u00edm. V\u017edy\u0165 si vezm\u011bte, kdyby t\u0159eba kultura \u00fapln\u011b p\u0159estala existovat. \u0158ekn\u011bte mi, tak jak by se lid\u00e9 bavili? Nap\u0159\u00edklad moje sousedka, ta skoro \u017eije p\u0159\u00edmo kulturou. Ona chod\u00ed do divadla dvakr\u00e1t m\u011bs\u00ed\u010dn\u011b a do kina taky velice \u010dasto chod\u00ed. A j\u00e1 j\u00ed se sv\u00fdm p\u0159\u00edtelem z\u00e1vid\u00edm, proto\u017ee m\u016fj minul\u00fd p\u0159\u00edtel se se mnou roze\u0161el kv\u016fli tomu, kdy\u017e jsem nem\u011bla tolik voln\u00e9ho \u010dasu na to, by chodila st\u00e1le za kulturou. Nyn\u00ed m\u00e1m jin\u00e9ho p\u0159\u00edtele, kter\u00e9ho kultura v\u016fbec nebere, tak m\u011b to opravdu hodn\u011b mrz\u00ed, tak\u017ee z\u00e1vid\u00edm t\u011bm p\u00e1r\u016fm, kter\u00e9 si rozum\u00ed a chod\u00ed oba dva za kulturou. M\u016fj sou\u010dasn\u00fd p\u0159\u00edtel chod\u00ed maxim\u00e1ln\u011b tak r\u00e1d a n\u011bjak\u00e9 rockov\u00e9 koncerty v \u010cech\u00e1ch, ale zase j\u00e1 rock moc nemus\u00edm, tak\u017ee se n\u011bkdy h\u00e1d\u00e1me a mysl\u00edm si, \u017ee kv\u016fli rozd\u00edln\u00e9mu n\u00e1zoru na kulturu n\u00e1m vztah v\u016fbec dlouho nevydr\u017e\u00ed. A v\u00edm, \u017ee mnoho lid\u00ed se zaj\u00edm\u00e1 o kulturu a dal\u0161\u00ed kulturn\u00ed v\u011bci, jenom\u017ee mnoho lid\u00ed to ani nebav\u00ed a j\u00e1 si mysl\u00edm, \u017ee je to velk\u00e1 \u0161koda. 2.7\/5 - (3 votes)","datePublished":"2022-03-09","dateModified":"2022-03-09","author":{"@type":"Person","@id":"https:\/\/www.sarcut.cz\/author\/devene\/#Person","name":"devene","url":"https:\/\/www.sarcut.cz\/author\/devene\/","identifier":1,"image":{"@type":"ImageObject","@id":"https:\/\/secure.gravatar.com\/avatar\/87132efef9f5972c3e770e1fb0907fb3dcc1311f82da5f30bffbae0bd81cf8c0?s=96&d=mm&r=g","url":"https:\/\/secure.gravatar.com\/avatar\/87132efef9f5972c3e770e1fb0907fb3dcc1311f82da5f30bffbae0bd81cf8c0?s=96&d=mm&r=g","height":96,"width":96}},"publisher":{"@type":"Organization","name":"sarcut.cz","logo":{"@type":"ImageObject","@id":"\/logo.png","url":"\/logo.png","width":600,"height":60}},"image":{"@type":"ImageObject","@id":"https:\/\/www.sarcut.cz\/wp-content\/uploads\/model-2614569_960_720_1.jpg","url":"https:\/\/www.sarcut.cz\/wp-content\/uploads\/model-2614569_960_720_1.jpg","height":0,"width":0},"url":"https:\/\/www.sarcut.cz\/bavi-me-kultura\/","about":["Kultura"],"wordCount":453,"articleBody":"Je opravdu hodn\u011b lid\u00ed, kte\u0159\u00ed maj\u00ed r\u00e1di kulturu. A j\u00e1 pat\u0159\u00edm samoz\u0159ejm\u011b mezi n\u011b. Ov\u0161em ale ze za\u010d\u00e1tku to tak nebylo, proto\u017ee kulturu jsem m\u011bla r\u00e1da od t\u00e9 doby, co m\u011b k tomu dovedl tehdy m\u016fj minul\u00fd p\u0159\u00edtel. M\u016fj p\u0159\u00edtel toti\u017e p\u0159\u00edle\u017eitostn\u011b hr\u00e1l v divadle a tak\u00e9 velice \u010dasto chodil do kina, tak\u017ee m\u011bl ke kultu\u0159e opravdu hodn\u011b bl\u00edzko. A to nemluv\u00edm o tom, \u017ee jeho star\u0161\u00ed bratr byl z\u00e1stupce \u0159editele v divadle. Tak\u017ee vlastn\u011b jeho cel\u00e1 rodina byla v divadle anebo v kin\u011b, tak\u017ee ke kultu\u0159e m\u011bli opravdu hodn\u011b bl\u00edzko. Kdy\u017e jsem tohle tehdy asi p\u0159ed deseti lety vypr\u00e1v\u011bla sv\u00e9 m\u00e1m\u011b a otci, tak mi nev\u011b\u0159ili a sp\u00ed\u0161e se mi sm\u00e1li, proto\u017ee moje rodina \u0159\u00edkala, \u017ee kultura je \u00fapln\u011b zbyte\u010dn\u00e1, \u017ee je to zbyte\u010dn\u00e9 vyhazov\u00e1n\u00ed pen\u011bz.I kdy\u017e tedy moji rodi\u010de chodili docela \u010dasto do kina a taky do divadla a taky na r\u016fzn\u00e1 p\u0159edstaven\u00ed nebo koncerty, ale nikdy do toho by neinvestovali velk\u00e9 pen\u00edze, jako t\u0159eba nap\u0159\u00edklad m\u016fj tehdej\u0161\u00ed p\u0159\u00edtel. A j\u00e1, abych se p\u0159iznala, tak mn\u011b kultura opravdu hodn\u011b bav\u00ed a napl\u0148uje m\u011b \u0161t\u011bst\u00edm. A taky nov\u00fdm pozn\u00e1n\u00edm. V\u017edy\u0165 si vezm\u011bte, kdyby t\u0159eba kultura \u00fapln\u011b p\u0159estala existovat. \u0158ekn\u011bte mi, tak jak by se lid\u00e9 bavili? Nap\u0159\u00edklad moje sousedka, ta skoro \u017eije p\u0159\u00edmo kulturou. Ona chod\u00ed do divadla dvakr\u00e1t m\u011bs\u00ed\u010dn\u011b a do kina taky velice \u010dasto chod\u00ed. A j\u00e1 j\u00ed se sv\u00fdm p\u0159\u00edtelem z\u00e1vid\u00edm, proto\u017ee m\u016fj minul\u00fd p\u0159\u00edtel se se mnou roze\u0161el kv\u016fli tomu, kdy\u017e jsem nem\u011bla tolik voln\u00e9ho \u010dasu na to, by chodila st\u00e1le za kulturou. Nyn\u00ed m\u00e1m jin\u00e9ho p\u0159\u00edtele, kter\u00e9ho kultura v\u016fbec nebere, tak m\u011b to opravdu hodn\u011b mrz\u00ed, tak\u017ee z\u00e1vid\u00edm t\u011bm p\u00e1r\u016fm, kter\u00e9 si rozum\u00ed a chod\u00ed oba dva za kulturou. M\u016fj sou\u010dasn\u00fd p\u0159\u00edtel chod\u00ed maxim\u00e1ln\u011b tak r\u00e1d a n\u011bjak\u00e9 rockov\u00e9 koncerty v \u010cech\u00e1ch, ale zase j\u00e1 rock moc nemus\u00edm, tak\u017ee se n\u011bkdy h\u00e1d\u00e1me a mysl\u00edm si, \u017ee kv\u016fli rozd\u00edln\u00e9mu n\u00e1zoru na kulturu n\u00e1m vztah v\u016fbec dlouho nevydr\u017e\u00ed. A v\u00edm, \u017ee mnoho lid\u00ed se zaj\u00edm\u00e1 o kulturu a dal\u0161\u00ed kulturn\u00ed v\u011bci, jenom\u017ee mnoho lid\u00ed to ani nebav\u00ed a j\u00e1 si mysl\u00edm, \u017ee je to velk\u00e1 \u0161koda.                                                                                                                                                                                                                                                                                                                                                                                        2.7\/5 - (3 votes)        "},{"@context":"https:\/\/schema.org\/","@type":"BreadcrumbList","itemListElement":[{"@type":"ListItem","position":1,"name":"Bav\u00ed m\u011b kultura","item":"https:\/\/www.sarcut.cz\/bavi-me-kultura\/#breadcrumbitem"}]}]